{"id":5445,"date":"2024-10-23T10:17:59","date_gmt":"2024-10-23T10:17:59","guid":{"rendered":"https:\/\/samkszs.rs\/?p=5445"},"modified":"2025-01-30T19:49:42","modified_gmt":"2025-01-30T19:49:42","slug":"ceremonijalno-otvaranje-igara-valensija","status":"publish","type":"post","link":"https:\/\/samkszs.rs\/index.php\/2024\/10\/23\/ceremonijalno-otvaranje-igara-valensija\/","title":{"rendered":"CEREMONIJALNO OTVARANJE MOTORSPORT IGARA VALENSIJA"},"content":{"rendered":"\t\t<div data-elementor-type=\"wp-post\" data-elementor-id=\"5445\" class=\"elementor elementor-5445\" data-elementor-post-type=\"post\">\n\t\t\t\t\t\t<section class=\"elementor-section elementor-top-section elementor-element elementor-element-9a76a5e elementor-section-height-min-height elementor-section-items-top elementor-section-boxed elementor-section-height-default\" data-id=\"9a76a5e\" data-element_type=\"section\" data-e-type=\"section\">\n\t\t\t\t\t\t<div class=\"elementor-container elementor-column-gap-default\">\n\t\t\t\t\t<div class=\"elementor-column elementor-col-100 elementor-top-column elementor-element elementor-element-5d104fb\" data-id=\"5d104fb\" data-element_type=\"column\" data-e-type=\"column\">\n\t\t\t<div class=\"elementor-widget-wrap elementor-element-populated\">\n\t\t\t\t\t\t<div class=\"elementor-element elementor-element-0e73626 elementor-widget__width-auto elementor-absolute elementor-widget-mobile__width-auto elementor-invisible elementor-widget elementor-widget-text-editor\" data-id=\"0e73626\" data-element_type=\"widget\" data-e-type=\"widget\" data-settings=\"{&quot;_position&quot;:&quot;absolute&quot;,&quot;_animation&quot;:&quot;slideInRight&quot;}\" data-widget_type=\"text-editor.default\">\n\t\t\t\t<div class=\"elementor-widget-container\">\n\t\t\t\t\t\t\t\t\t<p>CEREMONIJA OTVRANJA<\/p>\t\t\t\t\t\t\t\t<\/div>\n\t\t\t\t<\/div>\n\t\t\t\t<div class=\"elementor-element elementor-element-bb52cdd elementor-widget__width-auto elementor-absolute elementor-invisible elementor-widget elementor-widget-text-editor\" data-id=\"bb52cdd\" data-element_type=\"widget\" data-e-type=\"widget\" data-settings=\"{&quot;_position&quot;:&quot;absolute&quot;,&quot;_animation&quot;:&quot;fadeInRight&quot;}\" data-widget_type=\"text-editor.default\">\n\t\t\t\t<div class=\"elementor-widget-container\">\n\t\t\t\t\t\t\t\t\t<p>Po\u010detak jedinstvenog takmi\u010denja<\/p>\t\t\t\t\t\t\t\t<\/div>\n\t\t\t\t<\/div>\n\t\t\t\t<div class=\"elementor-element elementor-element-a54e7c2 elementor-widget__width-auto elementor-absolute elementor-widget elementor-widget-text-editor\" data-id=\"a54e7c2\" data-element_type=\"widget\" data-e-type=\"widget\" data-settings=\"{&quot;_position&quot;:&quot;absolute&quot;}\" data-widget_type=\"text-editor.default\">\n\t\t\t\t<div class=\"elementor-widget-container\">\n\t\t\t\t\t\t\t\t\t<p>Ceremonija otvaranja FIA Motorsport Games 2024 bila je spektakularan po\u010detak ovog presti\u017enog svetskog takmi\u010denja u automobilizmu, koje se ove godine odr\u017eava u \u0160paniji, ta\u010dnije u Valensiji. Otvaranje je odr\u017eano u impozantnom nau\u010dnom centru u Valensiji, a sve prisutne do\u010dekao je prelep defile, impresivni nastupi i sve\u010dana atmosfera koja je obele\u017eila po\u010detak ovog multidisciplinarnog sportskog doga\u0111aja.<\/p><p>Vi\u0161e od 1000 takmi\u010dara iz 104 zemlje, me\u0111u kojima i devet predstavnika Srbije, do\u0161lo je u Valensiju da se bori za visoka mesta u razli\u010ditim disciplinama automobilizma. Srbija je bila ponosna da se priklju\u010di ovoj me\u0111unarodnoj zajednici, a na\u0161i takmi\u010dari, pod okriljem Auto-moto saveza Srbije, spremno su stajali na startnu liniju, usmereni na ciljeve koji im predstoje.<\/p>\t\t\t\t\t\t\t\t<\/div>\n\t\t\t\t<\/div>\n\t\t\t\t\t<\/div>\n\t\t<\/div>\n\t\t\t\t\t<\/div>\n\t\t<\/section>\n\t\t\t\t<section class=\"elementor-section elementor-top-section elementor-element elementor-element-f4710b0 elementor-section-boxed elementor-section-height-default elementor-section-height-default\" data-id=\"f4710b0\" data-element_type=\"section\" data-e-type=\"section\">\n\t\t\t\t\t\t<div class=\"elementor-container elementor-column-gap-default\">\n\t\t\t\t\t<div class=\"elementor-column elementor-col-100 elementor-top-column elementor-element elementor-element-bab64c4\" data-id=\"bab64c4\" data-element_type=\"column\" data-e-type=\"column\">\n\t\t\t<div class=\"elementor-widget-wrap elementor-element-populated\">\n\t\t\t\t\t\t<div class=\"elementor-element elementor-element-21fbda8 elementor-widget elementor-widget-image\" data-id=\"21fbda8\" data-element_type=\"widget\" data-e-type=\"widget\" data-widget_type=\"image.default\">\n\t\t\t\t<div class=\"elementor-widget-container\">\n\t\t\t\t\t\t\t\t\t\t\t\t\t\t\t<img fetchpriority=\"high\" decoding=\"async\" width=\"2560\" height=\"1707\" src=\"https:\/\/samkszs.rs\/wp-content\/uploads\/2025\/01\/10-9-scaled.jpg\" class=\"attachment-full size-full wp-image-5449\" alt=\"Spektakularna bina sa led svetlima uz zalazak sunca CEREMONIJALNO OTVARANJE IGARA VALENSIJA\" srcset=\"https:\/\/samkszs.rs\/wp-content\/uploads\/2025\/01\/10-9-scaled.jpg 2560w, https:\/\/samkszs.rs\/wp-content\/uploads\/2025\/01\/10-9-300x200.jpg 300w, https:\/\/samkszs.rs\/wp-content\/uploads\/2025\/01\/10-9-1024x683.jpg 1024w, https:\/\/samkszs.rs\/wp-content\/uploads\/2025\/01\/10-9-768x512.jpg 768w, https:\/\/samkszs.rs\/wp-content\/uploads\/2025\/01\/10-9-1536x1024.jpg 1536w, https:\/\/samkszs.rs\/wp-content\/uploads\/2025\/01\/10-9-2048x1365.jpg 2048w\" sizes=\"(max-width: 2560px) 100vw, 2560px\" \/>\t\t\t\t\t\t\t\t\t\t\t\t\t\t\t<\/div>\n\t\t\t\t<\/div>\n\t\t\t\t\t<\/div>\n\t\t<\/div>\n\t\t\t\t\t<\/div>\n\t\t<\/section>\n\t\t\t\t<section class=\"elementor-section elementor-top-section elementor-element elementor-element-97a65fa elementor-section-height-min-height elementor-section-items-top elementor-section-boxed elementor-section-height-default\" data-id=\"97a65fa\" data-element_type=\"section\" data-e-type=\"section\">\n\t\t\t\t\t\t<div class=\"elementor-container elementor-column-gap-default\">\n\t\t\t\t\t<div class=\"elementor-column elementor-col-100 elementor-top-column elementor-element elementor-element-adb2d73\" data-id=\"adb2d73\" data-element_type=\"column\" data-e-type=\"column\">\n\t\t\t<div class=\"elementor-widget-wrap elementor-element-populated\">\n\t\t\t\t\t\t<div class=\"elementor-element elementor-element-1f42a64 elementor-widget__width-auto elementor-absolute elementor-widget elementor-widget-text-editor\" data-id=\"1f42a64\" data-element_type=\"widget\" data-e-type=\"widget\" data-settings=\"{&quot;_position&quot;:&quot;absolute&quot;}\" data-widget_type=\"text-editor.default\">\n\t\t\t\t<div class=\"elementor-widget-container\">\n\t\t\t\t\t\t\t\t\t<p>Reprezentacija Srbije je izazvala veliko odu\u0161evljenje i pa\u017enju tokom sve\u010danog defilea. Na\u0161i takmi\u010dari, zajedno sa trenerkama, postali su pravi hit me\u0111u publikom i medijima. Gledaoci su ih pozdravljali sa velikim aplauzima, a mediji su ih fotografisali i snimali gde god su se pojavili. Na\u0161a ekipa je briljirala, a svi su \u017eeleli da zabele\u017ee svaki trenutak ovog zna\u010dajnog doga\u0111aja.<\/p><p>Luka Macura, na\u0161 najmla\u0111i predstavnik, izazvao je veliku pa\u017enju, s obzirom na to da je drugi najmla\u0111i takmi\u010dar na ovim igrama, mla\u0111a je jedino Nemica, koja je starija od njega samo devet dana. Njegova energija i entuzijazam ostavili su sna\u017ean utisak na sve prisutne.<\/p>\t\t\t\t\t\t\t\t<\/div>\n\t\t\t\t<\/div>\n\t\t\t\t\t<\/div>\n\t\t<\/div>\n\t\t\t\t\t<\/div>\n\t\t<\/section>\n\t\t\t\t<section class=\"elementor-section elementor-top-section elementor-element elementor-element-6a7e4d0 elementor-section-height-min-height elementor-section-items-top elementor-section-boxed elementor-section-height-default\" data-id=\"6a7e4d0\" data-element_type=\"section\" data-e-type=\"section\">\n\t\t\t\t\t\t<div class=\"elementor-container elementor-column-gap-default\">\n\t\t\t\t\t<div class=\"elementor-column elementor-col-100 elementor-top-column elementor-element elementor-element-57c8902\" data-id=\"57c8902\" data-element_type=\"column\" data-e-type=\"column\">\n\t\t\t<div class=\"elementor-widget-wrap elementor-element-populated\">\n\t\t\t\t\t\t<div class=\"elementor-element elementor-element-0a36786 elementor-widget elementor-widget-image\" data-id=\"0a36786\" data-element_type=\"widget\" data-e-type=\"widget\" data-widget_type=\"image.default\">\n\t\t\t\t<div class=\"elementor-widget-container\">\n\t\t\t\t\t\t\t\t\t\t\t\t\t\t\t<img decoding=\"async\" width=\"2560\" height=\"1706\" src=\"https:\/\/samkszs.rs\/wp-content\/uploads\/2025\/01\/10-7-scaled.jpg\" class=\"attachment-full size-full wp-image-5450\" alt=\"Voza\u010di srbije sa zastavom pre po\u010detka otvaranja ceremonijalno otvaranje igara Valensija\" srcset=\"https:\/\/samkszs.rs\/wp-content\/uploads\/2025\/01\/10-7-scaled.jpg 2560w, https:\/\/samkszs.rs\/wp-content\/uploads\/2025\/01\/10-7-300x200.jpg 300w, https:\/\/samkszs.rs\/wp-content\/uploads\/2025\/01\/10-7-1024x683.jpg 1024w, https:\/\/samkszs.rs\/wp-content\/uploads\/2025\/01\/10-7-768x512.jpg 768w, https:\/\/samkszs.rs\/wp-content\/uploads\/2025\/01\/10-7-1536x1024.jpg 1536w, https:\/\/samkszs.rs\/wp-content\/uploads\/2025\/01\/10-7-2048x1365.jpg 2048w\" sizes=\"(max-width: 2560px) 100vw, 2560px\" \/>\t\t\t\t\t\t\t\t\t\t\t\t\t\t\t<\/div>\n\t\t\t\t<\/div>\n\t\t\t\t\t<\/div>\n\t\t<\/div>\n\t\t\t\t\t<\/div>\n\t\t<\/section>\n\t\t\t\t<section class=\"elementor-section elementor-top-section elementor-element elementor-element-e38c2b4 elementor-section-height-min-height elementor-section-items-top elementor-section-boxed elementor-section-height-default\" data-id=\"e38c2b4\" data-element_type=\"section\" data-e-type=\"section\">\n\t\t\t\t\t\t<div class=\"elementor-container elementor-column-gap-default\">\n\t\t\t\t\t<div class=\"elementor-column elementor-col-100 elementor-top-column elementor-element elementor-element-37696c4\" data-id=\"37696c4\" data-element_type=\"column\" data-e-type=\"column\">\n\t\t\t<div class=\"elementor-widget-wrap elementor-element-populated\">\n\t\t\t\t\t\t<div class=\"elementor-element elementor-element-b69b68c elementor-widget__width-auto elementor-absolute elementor-widget elementor-widget-text-editor\" data-id=\"b69b68c\" data-element_type=\"widget\" data-e-type=\"widget\" data-settings=\"{&quot;_position&quot;:&quot;absolute&quot;}\" data-widget_type=\"text-editor.default\">\n\t\t\t\t<div class=\"elementor-widget-container\">\n\t\t\t\t\t\t\t\t\t<p>Tea Jevti\u0107 i Todor Krsmanovi\u0107, ogrnuti srpskom trobojkom, podelili su sa svima svoje emocije. &#8220;Ose\u0107amo se nestvarno, ponosni smo \u0161to predstavljamo na\u0161u zemlju na ovakvom doga\u0111aju. Jedva \u010dekamo da iza\u0111emo na stazu i poka\u017eemo \u0161ta mo\u017eemo!&#8221;, rekli su odu\u0161evljeno, dok su gledali u brojne poglede koji su ih pratili.<\/p><p>Kapiten reprezentacije Nikola Miljkovi\u0107 i selektor Andrej Kulund\u017ei\u0107 zajedno su predvodili tim u sredi\u0161te de\u0161avanja. Zajedno sa ostalim voza\u010dima, bili su u sredi\u0161tu pa\u017enje tokom sve\u010danog defilea, kroz koji je pro\u0161ao svaki od timova sa svojim zastavama i borbenim duhom.<\/p>\t\t\t\t\t\t\t\t<\/div>\n\t\t\t\t<\/div>\n\t\t\t\t\t<\/div>\n\t\t<\/div>\n\t\t\t\t\t<\/div>\n\t\t<\/section>\n\t\t\t\t<section class=\"elementor-section elementor-top-section elementor-element elementor-element-a78501b elementor-section-height-min-height elementor-section-items-top elementor-section-boxed elementor-section-height-default\" data-id=\"a78501b\" data-element_type=\"section\" data-e-type=\"section\">\n\t\t\t\t\t\t<div class=\"elementor-container elementor-column-gap-default\">\n\t\t\t\t\t<div class=\"elementor-column elementor-col-100 elementor-top-column elementor-element elementor-element-6848f1e\" data-id=\"6848f1e\" data-element_type=\"column\" data-e-type=\"column\">\n\t\t\t<div class=\"elementor-widget-wrap elementor-element-populated\">\n\t\t\t\t\t\t<div class=\"elementor-element elementor-element-4e2de30 elementor-widget elementor-widget-image\" data-id=\"4e2de30\" data-element_type=\"widget\" data-e-type=\"widget\" data-widget_type=\"image.default\">\n\t\t\t\t<div class=\"elementor-widget-container\">\n\t\t\t\t\t\t\t\t\t\t\t\t\t\t\t<img decoding=\"async\" width=\"2560\" height=\"1707\" src=\"https:\/\/samkszs.rs\/wp-content\/uploads\/2025\/01\/10-10-scaled.jpg\" class=\"attachment-full size-full wp-image-5457\" alt=\"Odu\u0161evljenje pubilke kada je reprezentacija srbije iza\u0161la na binu ceremonijalno otvaranje igara Valensija\" srcset=\"https:\/\/samkszs.rs\/wp-content\/uploads\/2025\/01\/10-10-scaled.jpg 2560w, https:\/\/samkszs.rs\/wp-content\/uploads\/2025\/01\/10-10-300x200.jpg 300w, https:\/\/samkszs.rs\/wp-content\/uploads\/2025\/01\/10-10-1024x683.jpg 1024w, https:\/\/samkszs.rs\/wp-content\/uploads\/2025\/01\/10-10-768x512.jpg 768w, https:\/\/samkszs.rs\/wp-content\/uploads\/2025\/01\/10-10-1536x1024.jpg 1536w, https:\/\/samkszs.rs\/wp-content\/uploads\/2025\/01\/10-10-2048x1365.jpg 2048w\" sizes=\"(max-width: 2560px) 100vw, 2560px\" \/>\t\t\t\t\t\t\t\t\t\t\t\t\t\t\t<\/div>\n\t\t\t\t<\/div>\n\t\t\t\t\t<\/div>\n\t\t<\/div>\n\t\t\t\t\t<\/div>\n\t\t<\/section>\n\t\t\t\t<section class=\"elementor-section elementor-top-section elementor-element elementor-element-7763e17 elementor-section-height-min-height elementor-section-items-top elementor-section-boxed elementor-section-height-default\" data-id=\"7763e17\" data-element_type=\"section\" data-e-type=\"section\">\n\t\t\t\t\t\t<div class=\"elementor-container elementor-column-gap-default\">\n\t\t\t\t\t<div class=\"elementor-column elementor-col-100 elementor-top-column elementor-element elementor-element-cd118f2\" data-id=\"cd118f2\" data-element_type=\"column\" data-e-type=\"column\">\n\t\t\t<div class=\"elementor-widget-wrap elementor-element-populated\">\n\t\t\t\t\t\t<div class=\"elementor-element elementor-element-2ecee32 elementor-widget__width-auto elementor-absolute elementor-widget elementor-widget-text-editor\" data-id=\"2ecee32\" data-element_type=\"widget\" data-e-type=\"widget\" data-settings=\"{&quot;_position&quot;:&quot;absolute&quot;}\" data-widget_type=\"text-editor.default\">\n\t\t\t\t<div class=\"elementor-widget-container\">\n\t\t\t\t\t\t\t\t\t<p>&#8220;Prvi put na tako velikom doga\u0111aju, predstavljati Srbiju na ovako presti\u017enom takmi\u010denju, za mene je zaista neverovatan ose\u0107aj. Nadamo se dobrom rezultatu, a ovakva ceremonija otvaranja nas dodatno motivi\u0161e&#8221;, rekao je Nikola Miljkovi\u0107, kapiten na\u0161e reprezentacije, sa osmehom na licu.<\/p><p>Impresivna scenografija, muzika i energija koju su nosili svi u\u010desnici, omogu\u0107ili su jedinstveni trenutak koji je obele\u017eio po\u010detak takmi\u010denja. Ujedno, ceremonijalno otvaranje motosport igara Valensija, bilo je sjajan uvod u dane koji su pred takmi\u010darima, pune o\u010dekivanja, entuzijazma i borbenosti.<\/p>\t\t\t\t\t\t\t\t<\/div>\n\t\t\t\t<\/div>\n\t\t\t\t\t<\/div>\n\t\t<\/div>\n\t\t\t\t\t<\/div>\n\t\t<\/section>\n\t\t\t\t<section class=\"elementor-section elementor-top-section elementor-element elementor-element-06984dc elementor-section-height-min-height elementor-section-items-top elementor-section-boxed elementor-section-height-default\" data-id=\"06984dc\" data-element_type=\"section\" data-e-type=\"section\">\n\t\t\t\t\t\t<div class=\"elementor-container elementor-column-gap-default\">\n\t\t\t\t\t<div class=\"elementor-column elementor-col-100 elementor-top-column elementor-element elementor-element-cdf03c8\" data-id=\"cdf03c8\" data-element_type=\"column\" data-e-type=\"column\">\n\t\t\t<div class=\"elementor-widget-wrap elementor-element-populated\">\n\t\t\t\t\t\t<div class=\"elementor-element elementor-element-8d1dd88 elementor-widget elementor-widget-image\" data-id=\"8d1dd88\" data-element_type=\"widget\" data-e-type=\"widget\" data-widget_type=\"image.default\">\n\t\t\t\t<div class=\"elementor-widget-container\">\n\t\t\t\t\t\t\t\t\t\t\t\t\t\t\t<img loading=\"lazy\" decoding=\"async\" width=\"2560\" height=\"1707\" src=\"https:\/\/samkszs.rs\/wp-content\/uploads\/2025\/01\/10-11-1-scaled.jpg\" class=\"attachment-full size-full wp-image-5458\" alt=\"Reprezentacija Srbije ra\u0161irenih zastava dolazi do glavne bine ceremonijalno otvaranje igara Valensija\" srcset=\"https:\/\/samkszs.rs\/wp-content\/uploads\/2025\/01\/10-11-1-scaled.jpg 2560w, https:\/\/samkszs.rs\/wp-content\/uploads\/2025\/01\/10-11-1-300x200.jpg 300w, https:\/\/samkszs.rs\/wp-content\/uploads\/2025\/01\/10-11-1-1024x683.jpg 1024w, https:\/\/samkszs.rs\/wp-content\/uploads\/2025\/01\/10-11-1-768x512.jpg 768w, https:\/\/samkszs.rs\/wp-content\/uploads\/2025\/01\/10-11-1-1536x1024.jpg 1536w, https:\/\/samkszs.rs\/wp-content\/uploads\/2025\/01\/10-11-1-2048x1365.jpg 2048w\" sizes=\"(max-width: 2560px) 100vw, 2560px\" \/>\t\t\t\t\t\t\t\t\t\t\t\t\t\t\t<\/div>\n\t\t\t\t<\/div>\n\t\t\t\t\t<\/div>\n\t\t<\/div>\n\t\t\t\t\t<\/div>\n\t\t<\/section>\n\t\t\t\t<section class=\"elementor-section elementor-top-section elementor-element elementor-element-735f351 elementor-section-height-min-height elementor-section-items-top elementor-section-boxed elementor-section-height-default\" data-id=\"735f351\" data-element_type=\"section\" data-e-type=\"section\">\n\t\t\t\t\t\t<div class=\"elementor-container elementor-column-gap-default\">\n\t\t\t\t\t<div class=\"elementor-column elementor-col-100 elementor-top-column elementor-element elementor-element-a7ad5b5\" data-id=\"a7ad5b5\" data-element_type=\"column\" data-e-type=\"column\">\n\t\t\t<div class=\"elementor-widget-wrap elementor-element-populated\">\n\t\t\t\t\t\t<div class=\"elementor-element elementor-element-6babe17 elementor-widget__width-auto elementor-absolute elementor-widget elementor-widget-text-editor\" data-id=\"6babe17\" data-element_type=\"widget\" data-e-type=\"widget\" data-settings=\"{&quot;_position&quot;:&quot;absolute&quot;}\" data-widget_type=\"text-editor.default\">\n\t\t\t\t<div class=\"elementor-widget-container\">\n\t\t\t\t\t\t\t\t\t<p>Spektakularno ceremonijalno otvaranje motosport igara Valensija 2024. u \u0160paniji, video se nalazi na zavni\u010dnom <a href=\"https:\/\/www.youtube.com\/live\/zVDsDTQOdpo?si=ISZLlwibGtsMEiIW\">FIA YouTube<\/a> kanalu pogledajte snimak koji do\u010darava atomsferu!<\/p><p><br \/><a href=\"https:\/\/samkszs.rs\/index.php\/2024\/10\/29\/ucesce-i-zadovoljavajuci-rezultat\/\">Ovde<\/a> \u010ditajte kako su na\u0161i\u00a0 repreznetativci stigli do finala .<\/p>\t\t\t\t\t\t\t\t<\/div>\n\t\t\t\t<\/div>\n\t\t\t\t\t<\/div>\n\t\t<\/div>\n\t\t\t\t\t<\/div>\n\t\t<\/section>\n\t\t\t\t<\/div>\n\t\t","protected":false},"excerpt":{"rendered":"<p>Ceremonijalno otvaranje FIA Motorsport Games 2024, koje se odr\u017eavaju od 23. do 27. oktobra i okupljaju vi\u0161e od 1000 takmi\u010dara u 26 disciplina iz 104 dr\u017eave<\/p>\n","protected":false},"author":1,"featured_media":5458,"comment_status":"closed","ping_status":"open","sticky":false,"template":"","format":"standard","meta":{"site-sidebar-layout":"default","site-content-layout":"","ast-site-content-layout":"default","site-content-style":"default","site-sidebar-style":"default","ast-global-header-display":"","ast-banner-title-visibility":"","ast-main-header-display":"","ast-hfb-above-header-display":"","ast-hfb-below-header-display":"","ast-hfb-mobile-header-display":"","site-post-title":"","ast-breadcrumbs-content":"","ast-featured-img":"","footer-sml-layout":"","ast-disable-related-posts":"","theme-transparent-header-meta":"","adv-header-id-meta":"","stick-header-meta":"","header-above-stick-meta":"","header-main-stick-meta":"","header-below-stick-meta":"","astra-migrate-meta-layouts":"set","ast-page-background-enabled":"default","ast-page-background-meta":{"desktop":{"background-color":"var(--ast-global-color-4)","background-image":"","background-repeat":"repeat","background-position":"center center","background-size":"auto","background-attachment":"scroll","background-type":"","background-media":"","overlay-type":"","overlay-color":"","overlay-opacity":"","overlay-gradient":""},"tablet":{"background-color":"","background-image":"","background-repeat":"repeat","background-position":"center center","background-size":"auto","background-attachment":"scroll","background-type":"","background-media":"","overlay-type":"","overlay-color":"","overlay-opacity":"","overlay-gradient":""},"mobile":{"background-color":"","background-image":"","background-repeat":"repeat","background-position":"center center","background-size":"auto","background-attachment":"scroll","background-type":"","background-media":"","overlay-type":"","overlay-color":"","overlay-opacity":"","overlay-gradient":""}},"ast-content-background-meta":{"desktop":{"background-color":"var(--ast-global-color-5)","background-image":"","background-repeat":"repeat","background-position":"center center","background-size":"auto","background-attachment":"scroll","background-type":"","background-media":"","overlay-type":"","overlay-color":"","overlay-opacity":"","overlay-gradient":""},"tablet":{"background-color":"var(--ast-global-color-5)","background-image":"","background-repeat":"repeat","background-position":"center center","background-size":"auto","background-attachment":"scroll","background-type":"","background-media":"","overlay-type":"","overlay-color":"","overlay-opacity":"","overlay-gradient":""},"mobile":{"background-color":"var(--ast-global-color-5)","background-image":"","background-repeat":"repeat","background-position":"center center","background-size":"auto","background-attachment":"scroll","background-type":"","background-media":"","overlay-type":"","overlay-color":"","overlay-opacity":"","overlay-gradient":""}},"footnotes":""},"categories":[1],"tags":[],"class_list":["post-5445","post","type-post","status-publish","format-standard","has-post-thumbnail","hentry","category-uncategorized"],"_links":{"self":[{"href":"https:\/\/samkszs.rs\/index.php\/wp-json\/wp\/v2\/posts\/5445","targetHints":{"allow":["GET"]}}],"collection":[{"href":"https:\/\/samkszs.rs\/index.php\/wp-json\/wp\/v2\/posts"}],"about":[{"href":"https:\/\/samkszs.rs\/index.php\/wp-json\/wp\/v2\/types\/post"}],"author":[{"embeddable":true,"href":"https:\/\/samkszs.rs\/index.php\/wp-json\/wp\/v2\/users\/1"}],"replies":[{"embeddable":true,"href":"https:\/\/samkszs.rs\/index.php\/wp-json\/wp\/v2\/comments?post=5445"}],"version-history":[{"count":19,"href":"https:\/\/samkszs.rs\/index.php\/wp-json\/wp\/v2\/posts\/5445\/revisions"}],"predecessor-version":[{"id":5634,"href":"https:\/\/samkszs.rs\/index.php\/wp-json\/wp\/v2\/posts\/5445\/revisions\/5634"}],"wp:featuredmedia":[{"embeddable":true,"href":"https:\/\/samkszs.rs\/index.php\/wp-json\/wp\/v2\/media\/5458"}],"wp:attachment":[{"href":"https:\/\/samkszs.rs\/index.php\/wp-json\/wp\/v2\/media?parent=5445"}],"wp:term":[{"taxonomy":"category","embeddable":true,"href":"https:\/\/samkszs.rs\/index.php\/wp-json\/wp\/v2\/categories?post=5445"},{"taxonomy":"post_tag","embeddable":true,"href":"https:\/\/samkszs.rs\/index.php\/wp-json\/wp\/v2\/tags?post=5445"}],"curies":[{"name":"wp","href":"https:\/\/api.w.org\/{rel}","templated":true}]}}