{"id":5490,"date":"2024-11-15T11:19:12","date_gmt":"2024-11-15T11:19:12","guid":{"rendered":"https:\/\/samkszs.rs\/?p=5490"},"modified":"2025-02-19T21:46:45","modified_gmt":"2025-02-19T21:46:45","slug":"svecano-vece-dodele-nagrada-i-priznanja-za-2024-godinu","status":"publish","type":"post","link":"https:\/\/samkszs.rs\/index.php\/2024\/11\/15\/svecano-vece-dodele-nagrada-i-priznanja-za-2024-godinu\/","title":{"rendered":"SVE\u010cANO VE\u010cE DODELE NAGRADA I PRIZNANJA ZA 2024. GODINU"},"content":{"rendered":"\t\t<div data-elementor-type=\"wp-post\" data-elementor-id=\"5490\" class=\"elementor elementor-5490\" data-elementor-post-type=\"post\">\n\t\t\t\t\t\t<section class=\"elementor-section elementor-top-section elementor-element elementor-element-9a76a5e elementor-section-height-min-height elementor-section-items-top elementor-section-boxed elementor-section-height-default\" data-id=\"9a76a5e\" data-element_type=\"section\" data-e-type=\"section\">\n\t\t\t\t\t\t<div class=\"elementor-container elementor-column-gap-default\">\n\t\t\t\t\t<div class=\"elementor-column elementor-col-100 elementor-top-column elementor-element elementor-element-5d104fb\" data-id=\"5d104fb\" data-element_type=\"column\" data-e-type=\"column\">\n\t\t\t<div class=\"elementor-widget-wrap elementor-element-populated\">\n\t\t\t\t\t\t<div class=\"elementor-element elementor-element-0e73626 elementor-widget__width-auto elementor-absolute elementor-widget-mobile__width-auto elementor-invisible elementor-widget elementor-widget-text-editor\" data-id=\"0e73626\" data-element_type=\"widget\" data-e-type=\"widget\" data-settings=\"{&quot;_position&quot;:&quot;absolute&quot;,&quot;_animation&quot;:&quot;slideInRight&quot;}\" data-widget_type=\"text-editor.default\">\n\t\t\t\t<div class=\"elementor-widget-container\">\n\t\t\t\t\t\t\t\t\t<p>ZAVR\u0160NO VE\u010cE<\/p>\t\t\t\t\t\t\t\t<\/div>\n\t\t\t\t<\/div>\n\t\t\t\t<div class=\"elementor-element elementor-element-bb52cdd elementor-widget__width-auto elementor-absolute elementor-invisible elementor-widget elementor-widget-text-editor\" data-id=\"bb52cdd\" data-element_type=\"widget\" data-e-type=\"widget\" data-settings=\"{&quot;_position&quot;:&quot;absolute&quot;,&quot;_animation&quot;:&quot;fadeInRight&quot;}\" data-widget_type=\"text-editor.default\">\n\t\t\t\t<div class=\"elementor-widget-container\">\n\t\t\t\t\t\t\t\t\t<p>Sve\u010dano ve\u010de dodele nagrada i priznanja za 2024.\u00a0<\/p>\t\t\t\t\t\t\t\t<\/div>\n\t\t\t\t<\/div>\n\t\t\t\t<div class=\"elementor-element elementor-element-a54e7c2 elementor-widget__width-auto elementor-absolute elementor-widget elementor-widget-text-editor\" data-id=\"a54e7c2\" data-element_type=\"widget\" data-e-type=\"widget\" data-settings=\"{&quot;_position&quot;:&quot;absolute&quot;}\" data-widget_type=\"text-editor.default\">\n\t\t\t\t<div class=\"elementor-widget-container\">\n\t\t\t\t\t\t\t\t\t<p>U zajedni\u010dkoj organizaciji <strong>Sportskog Auto Moto Karting Saveza Srbije (SAMKSZS)<\/strong> i <strong>Sportskog Auto Moto Saveza Beograda (SAMSB)<\/strong>, odr\u017eano je sve\u010dano ve\u010de dodele nagrada i priznanja za sezonu 2024. godine. Ovo presti\u017eno okupljanje okupilo je najbolje takmi\u010dare, sudije, organizatore i ljubitelje auto sporta. U sve\u010danoj atmosferi koja je na najbolji na\u010din obele\u017eila kraj jo\u0161 jedne uspe\u0161ne godine.<\/p>\t\t\t\t\t\t\t\t<\/div>\n\t\t\t\t<\/div>\n\t\t\t\t\t<\/div>\n\t\t<\/div>\n\t\t\t\t\t<\/div>\n\t\t<\/section>\n\t\t\t\t<section class=\"elementor-section elementor-top-section elementor-element elementor-element-f4710b0 elementor-section-boxed elementor-section-height-default elementor-section-height-default\" data-id=\"f4710b0\" data-element_type=\"section\" data-e-type=\"section\">\n\t\t\t\t\t\t<div class=\"elementor-container elementor-column-gap-default\">\n\t\t\t\t\t<div class=\"elementor-column elementor-col-100 elementor-top-column elementor-element elementor-element-bab64c4\" data-id=\"bab64c4\" data-element_type=\"column\" data-e-type=\"column\">\n\t\t\t<div class=\"elementor-widget-wrap elementor-element-populated\">\n\t\t\t\t\t\t<div class=\"elementor-element elementor-element-21fbda8 elementor-widget elementor-widget-image\" data-id=\"21fbda8\" data-element_type=\"widget\" data-e-type=\"widget\" data-widget_type=\"image.default\">\n\t\t\t\t<div class=\"elementor-widget-container\">\n\t\t\t\t\t\t\t\t\t\t\t\t\t\t\t<img fetchpriority=\"high\" decoding=\"async\" width=\"2560\" height=\"1707\" src=\"https:\/\/samkszs.rs\/wp-content\/uploads\/2025\/01\/IMG_3451-scaled.jpg\" class=\"attachment-full size-full wp-image-5492\" alt=\"Fotografija svih nagra\u0111enih voza\u010da i zaslu\u017enih organizatora\" srcset=\"https:\/\/samkszs.rs\/wp-content\/uploads\/2025\/01\/IMG_3451-scaled.jpg 2560w, https:\/\/samkszs.rs\/wp-content\/uploads\/2025\/01\/IMG_3451-300x200.jpg 300w, https:\/\/samkszs.rs\/wp-content\/uploads\/2025\/01\/IMG_3451-1024x683.jpg 1024w, https:\/\/samkszs.rs\/wp-content\/uploads\/2025\/01\/IMG_3451-768x512.jpg 768w, https:\/\/samkszs.rs\/wp-content\/uploads\/2025\/01\/IMG_3451-1536x1024.jpg 1536w, https:\/\/samkszs.rs\/wp-content\/uploads\/2025\/01\/IMG_3451-2048x1365.jpg 2048w\" sizes=\"(max-width: 2560px) 100vw, 2560px\" \/>\t\t\t\t\t\t\t\t\t\t\t\t\t\t\t<\/div>\n\t\t\t\t<\/div>\n\t\t\t\t\t<\/div>\n\t\t<\/div>\n\t\t\t\t\t<\/div>\n\t\t<\/section>\n\t\t\t\t<section class=\"elementor-section elementor-top-section elementor-element elementor-element-97a65fa elementor-section-height-min-height elementor-section-items-top elementor-section-boxed elementor-section-height-default\" data-id=\"97a65fa\" data-element_type=\"section\" data-e-type=\"section\">\n\t\t\t\t\t\t<div class=\"elementor-container elementor-column-gap-default\">\n\t\t\t\t\t<div class=\"elementor-column elementor-col-100 elementor-top-column elementor-element elementor-element-adb2d73\" data-id=\"adb2d73\" data-element_type=\"column\" data-e-type=\"column\">\n\t\t\t<div class=\"elementor-widget-wrap elementor-element-populated\">\n\t\t\t\t\t\t<div class=\"elementor-element elementor-element-1f42a64 elementor-widget__width-auto elementor-absolute elementor-widget elementor-widget-text-editor\" data-id=\"1f42a64\" data-element_type=\"widget\" data-e-type=\"widget\" data-settings=\"{&quot;_position&quot;:&quot;absolute&quot;}\" data-widget_type=\"text-editor.default\">\n\t\t\t\t<div class=\"elementor-widget-container\">\n\t\t\t\t\t\t\t\t\t<p>Ve\u010de je bilo prilika da se oda priznanje najboljima me\u0111u najboljima, kako u voza\u010dkim, tako i u organizacionim i tehni\u010dkim disciplinama. Nagra\u0111eni su \u0161ampioni u razli\u010ditim kategorijama. Tako\u0111e i pojedinci koji su svojim trudom, znanjem i posve\u0107eno\u0161\u0107u doprineli razvoju auto sporta u Srbiji. Posebno emotivni trenuci bili su dodela priznanja mladim voza\u010dima, koji predstavljaju budu\u0107nost ovog sporta.<\/p><p>Tokom ve\u010deri, prisutni su u\u017eivali u retrospektivi najva\u017enijih trenutaka iz protekle sezone. Ona je donela mno\u0161tvo uzbu\u0111enja i odli\u010dnih rezultata na doma\u0107im i me\u0111unarodnim takmi\u010denjima. Posebno je istaknut odlazak reprezentacije Srbije na FIA Motorsport Games u Valensiji, \u0161to je za sve bio veliki uspeh i ponos. Prisutnima su se obratili i predstavnici oba saveza, isti\u010du\u0107i planove za narednu sezonu i izra\u017eavaju\u0107i zahvalnost svima koji su doprineli razvoju auto sporta kroz organizaciju i u\u010destvovanje na takmi\u010denjima poput digitalnog auto sporta, motorkane i klasik relija.<\/p>\t\t\t\t\t\t\t\t<\/div>\n\t\t\t\t<\/div>\n\t\t\t\t<div class=\"elementor-element elementor-element-11cd8fb elementor-widget__width-auto elementor-absolute elementor-widget elementor-widget-text-editor\" data-id=\"11cd8fb\" data-element_type=\"widget\" data-e-type=\"widget\" data-settings=\"{&quot;_position&quot;:&quot;absolute&quot;}\" data-widget_type=\"text-editor.default\">\n\t\t\t\t<div class=\"elementor-widget-container\">\n\t\t\t\t\t\t\t\t\t<p>Sve\u010dano ve\u010de dodele nagrada nije bilo samo prilika za dodelu priznanja ve\u0107 i za dru\u017eenje i povezivanje auto-moto zajednice, uz jedinstvenu atmosferu ispunjenu ponosom i entuzijazmom. <strong>SAMKSZS i SAMSB \u010destitaju svim laureatima i zahvaljuju se svim u\u010desnicima, partnerima i ljubiteljima auto sporta. Vidimo se u sezoni 2025, spremni za nove izazove i uspehe! <\/strong><a href=\"https:\/\/zoomue.rs\/uspesna-godina-za-karting-zapadne-srbije-video\/\">Ovde pogledaj video izve\u0161taj.<\/a><\/p>\t\t\t\t\t\t\t\t<\/div>\n\t\t\t\t<\/div>\n\t\t\t\t\t<\/div>\n\t\t<\/div>\n\t\t\t\t\t<\/div>\n\t\t<\/section>\n\t\t\t\t<section class=\"elementor-section elementor-top-section elementor-element elementor-element-9bd209a elementor-section-height-min-height elementor-section-items-top elementor-section-boxed elementor-section-height-default\" data-id=\"9bd209a\" data-element_type=\"section\" data-e-type=\"section\">\n\t\t\t\t\t\t<div class=\"elementor-container elementor-column-gap-no\">\n\t\t\t\t\t<div class=\"elementor-column elementor-col-100 elementor-top-column elementor-element elementor-element-53957d3\" data-id=\"53957d3\" data-element_type=\"column\" data-e-type=\"column\">\n\t\t\t<div class=\"elementor-widget-wrap elementor-element-populated\">\n\t\t\t\t\t\t<div class=\"elementor-element elementor-element-d46ce23 elementor-widget__width-auto elementor-absolute elementor-widget-mobile__width-auto elementor-invisible elementor-widget elementor-widget-text-editor\" data-id=\"d46ce23\" data-element_type=\"widget\" data-e-type=\"widget\" data-settings=\"{&quot;_position&quot;:&quot;absolute&quot;,&quot;_animation&quot;:&quot;slideInRight&quot;}\" data-widget_type=\"text-editor.default\">\n\t\t\t\t<div class=\"elementor-widget-container\">\n\t\t\t\t\t\t\t\t\t<p>GALERIJA<\/p>\t\t\t\t\t\t\t\t<\/div>\n\t\t\t\t<\/div>\n\t\t\t\t<div class=\"elementor-element elementor-element-a21e904 gallery-spacing-custom elementor-widget__width-auto elementor-absolute elementor-widget elementor-widget-image-gallery\" data-id=\"a21e904\" data-element_type=\"widget\" data-e-type=\"widget\" data-settings=\"{&quot;_position&quot;:&quot;absolute&quot;}\" data-widget_type=\"image-gallery.default\">\n\t\t\t\t<div class=\"elementor-widget-container\">\n\t\t\t\t\t\t\t<div class=\"elementor-image-gallery\">\n\t\t\t<div id='gallery-1' class='gallery galleryid-5490 gallery-columns-3 gallery-size-large'><figure class='gallery-item'>\n\t\t\t<div class='gallery-icon landscape'>\n\t\t\t\t<a data-elementor-open-lightbox=\"yes\" data-elementor-lightbox-slideshow=\"a21e904\" data-elementor-lightbox-title=\"Postavka konferencijske sale\" data-elementor-lightbox-description=\"Izgled glavnog dela sale gde je video bim za prezentaciju sa reklamnim posterima i logotipima saveza i takmi\u010denja\" data-e-action-hash=\"#elementor-action%3Aaction%3Dlightbox%26settings%3DeyJpZCI6NTQ5NywidXJsIjoiaHR0cHM6XC9cL3NhbWtzenMucnNcL3dwLWNvbnRlbnRcL3VwbG9hZHNcLzIwMjVcLzAxXC9JTUdfMzEzNi1zY2FsZWQuanBnIiwic2xpZGVzaG93IjoiYTIxZTkwNCJ9\" href='https:\/\/samkszs.rs\/wp-content\/uploads\/2025\/01\/IMG_3136-scaled.jpg'><img decoding=\"async\" width=\"1024\" height=\"683\" src=\"https:\/\/samkszs.rs\/wp-content\/uploads\/2025\/01\/IMG_3136-1024x683.jpg\" class=\"attachment-large size-large\" alt=\"Izgled glavnog dela sale gde je video bim za prezentaciju SVE\u010cANO VE\u010cE DODELE NAGRADA\" srcset=\"https:\/\/samkszs.rs\/wp-content\/uploads\/2025\/01\/IMG_3136-1024x683.jpg 1024w, https:\/\/samkszs.rs\/wp-content\/uploads\/2025\/01\/IMG_3136-300x200.jpg 300w, https:\/\/samkszs.rs\/wp-content\/uploads\/2025\/01\/IMG_3136-768x512.jpg 768w, https:\/\/samkszs.rs\/wp-content\/uploads\/2025\/01\/IMG_3136-1536x1024.jpg 1536w, https:\/\/samkszs.rs\/wp-content\/uploads\/2025\/01\/IMG_3136-2048x1365.jpg 2048w\" sizes=\"(max-width: 1024px) 100vw, 1024px\" \/><\/a>\n\t\t\t<\/div><\/figure><figure class='gallery-item'>\n\t\t\t<div class='gallery-icon landscape'>\n\t\t\t\t<a data-elementor-open-lightbox=\"yes\" data-elementor-lightbox-slideshow=\"a21e904\" data-elementor-lightbox-title=\"pehar za generalni plasman\" data-elementor-lightbox-description=\"Pehar za sve\u010dano ve\u010de dodele nagrada za prvo mestou generalnom plasmanu\" data-e-action-hash=\"#elementor-action%3Aaction%3Dlightbox%26settings%3DeyJpZCI6NTQ5OCwidXJsIjoiaHR0cHM6XC9cL3NhbWtzenMucnNcL3dwLWNvbnRlbnRcL3VwbG9hZHNcLzIwMjVcLzAxXC9JTUdfMzE0NS1zY2FsZWQuanBnIiwic2xpZGVzaG93IjoiYTIxZTkwNCJ9\" href='https:\/\/samkszs.rs\/wp-content\/uploads\/2025\/01\/IMG_3145-scaled.jpg'><img decoding=\"async\" width=\"1024\" height=\"683\" src=\"https:\/\/samkszs.rs\/wp-content\/uploads\/2025\/01\/IMG_3145-1024x683.jpg\" class=\"attachment-large size-large\" alt=\"Pehar za sve\u010dano ve\u010de dodele nagrada\" srcset=\"https:\/\/samkszs.rs\/wp-content\/uploads\/2025\/01\/IMG_3145-1024x683.jpg 1024w, https:\/\/samkszs.rs\/wp-content\/uploads\/2025\/01\/IMG_3145-300x200.jpg 300w, https:\/\/samkszs.rs\/wp-content\/uploads\/2025\/01\/IMG_3145-768x512.jpg 768w, https:\/\/samkszs.rs\/wp-content\/uploads\/2025\/01\/IMG_3145-1536x1024.jpg 1536w, https:\/\/samkszs.rs\/wp-content\/uploads\/2025\/01\/IMG_3145-2048x1365.jpg 2048w\" sizes=\"(max-width: 1024px) 100vw, 1024px\" \/><\/a>\n\t\t\t<\/div><\/figure><figure class='gallery-item'>\n\t\t\t<div class='gallery-icon landscape'>\n\t\t\t\t<a data-elementor-open-lightbox=\"yes\" data-elementor-lightbox-slideshow=\"a21e904\" data-elementor-lightbox-title=\"Priznaje za pomo\u0107 rada saveza\" data-elementor-lightbox-description=\"Priznaje za sve\u010dano ve\u010de dodele nagrada za pomo\u0107 u radu saveza\" data-e-action-hash=\"#elementor-action%3Aaction%3Dlightbox%26settings%3DeyJpZCI6NTQ5OSwidXJsIjoiaHR0cHM6XC9cL3NhbWtzenMucnNcL3dwLWNvbnRlbnRcL3VwbG9hZHNcLzIwMjVcLzAxXC9JTUdfMzE0Ni1zY2FsZWQuanBnIiwic2xpZGVzaG93IjoiYTIxZTkwNCJ9\" href='https:\/\/samkszs.rs\/wp-content\/uploads\/2025\/01\/IMG_3146-scaled.jpg'><img loading=\"lazy\" decoding=\"async\" width=\"1024\" height=\"683\" src=\"https:\/\/samkszs.rs\/wp-content\/uploads\/2025\/01\/IMG_3146-1024x683.jpg\" class=\"attachment-large size-large\" alt=\"Priznaje za sve\u010dano ve\u010de dodele nagrada\" srcset=\"https:\/\/samkszs.rs\/wp-content\/uploads\/2025\/01\/IMG_3146-1024x683.jpg 1024w, https:\/\/samkszs.rs\/wp-content\/uploads\/2025\/01\/IMG_3146-300x200.jpg 300w, https:\/\/samkszs.rs\/wp-content\/uploads\/2025\/01\/IMG_3146-768x512.jpg 768w, https:\/\/samkszs.rs\/wp-content\/uploads\/2025\/01\/IMG_3146-1536x1024.jpg 1536w, https:\/\/samkszs.rs\/wp-content\/uploads\/2025\/01\/IMG_3146-2048x1365.jpg 2048w\" sizes=\"(max-width: 1024px) 100vw, 1024px\" \/><\/a>\n\t\t\t<\/div><\/figure><figure class='gallery-item'>\n\t\t\t<div class='gallery-icon landscape'>\n\t\t\t\t<a data-elementor-open-lightbox=\"yes\" data-elementor-lightbox-slideshow=\"a21e904\" data-elementor-lightbox-title=\"priznanje za grad U\u017eice\" data-elementor-lightbox-description=\"priznanje za grad U\u017eice za doprinos u radu i pomo\u0107 Savezu\" data-e-action-hash=\"#elementor-action%3Aaction%3Dlightbox%26settings%3DeyJpZCI6NTUwMCwidXJsIjoiaHR0cHM6XC9cL3NhbWtzenMucnNcL3dwLWNvbnRlbnRcL3VwbG9hZHNcLzIwMjVcLzAxXC9JTUdfMzE1My1zY2FsZWQuanBnIiwic2xpZGVzaG93IjoiYTIxZTkwNCJ9\" href='https:\/\/samkszs.rs\/wp-content\/uploads\/2025\/01\/IMG_3153-scaled.jpg'><img loading=\"lazy\" decoding=\"async\" width=\"1024\" height=\"683\" src=\"https:\/\/samkszs.rs\/wp-content\/uploads\/2025\/01\/IMG_3153-1024x683.jpg\" class=\"attachment-large size-large\" alt=\"priznanje za grad U\u017eice\" srcset=\"https:\/\/samkszs.rs\/wp-content\/uploads\/2025\/01\/IMG_3153-1024x683.jpg 1024w, https:\/\/samkszs.rs\/wp-content\/uploads\/2025\/01\/IMG_3153-300x200.jpg 300w, https:\/\/samkszs.rs\/wp-content\/uploads\/2025\/01\/IMG_3153-768x512.jpg 768w, https:\/\/samkszs.rs\/wp-content\/uploads\/2025\/01\/IMG_3153-1536x1024.jpg 1536w, https:\/\/samkszs.rs\/wp-content\/uploads\/2025\/01\/IMG_3153-2048x1365.jpg 2048w\" sizes=\"(max-width: 1024px) 100vw, 1024px\" \/><\/a>\n\t\t\t<\/div><\/figure><figure class='gallery-item'>\n\t\t\t<div class='gallery-icon landscape'>\n\t\t\t\t<a data-elementor-open-lightbox=\"yes\" data-elementor-lightbox-slideshow=\"a21e904\" data-elementor-lightbox-title=\"Voditelj\" data-elementor-lightbox-description=\"voditelj SVE\u010cANO VE\u010cE DODELE NAGRADA\" data-e-action-hash=\"#elementor-action%3Aaction%3Dlightbox%26settings%3DeyJpZCI6NTUwNCwidXJsIjoiaHR0cHM6XC9cL3NhbWtzenMucnNcL3dwLWNvbnRlbnRcL3VwbG9hZHNcLzIwMjVcLzAxXC9JTUdfMzE1MC1zY2FsZWQuanBnIiwic2xpZGVzaG93IjoiYTIxZTkwNCJ9\" href='https:\/\/samkszs.rs\/wp-content\/uploads\/2025\/01\/IMG_3150-scaled.jpg'><img loading=\"lazy\" decoding=\"async\" width=\"1024\" height=\"683\" src=\"https:\/\/samkszs.rs\/wp-content\/uploads\/2025\/01\/IMG_3150-1024x683.jpg\" class=\"attachment-large size-large\" alt=\"Voditelj Sve\u010dane ve\u010deri\" srcset=\"https:\/\/samkszs.rs\/wp-content\/uploads\/2025\/01\/IMG_3150-1024x683.jpg 1024w, https:\/\/samkszs.rs\/wp-content\/uploads\/2025\/01\/IMG_3150-300x200.jpg 300w, https:\/\/samkszs.rs\/wp-content\/uploads\/2025\/01\/IMG_3150-768x512.jpg 768w, https:\/\/samkszs.rs\/wp-content\/uploads\/2025\/01\/IMG_3150-1536x1024.jpg 1536w, https:\/\/samkszs.rs\/wp-content\/uploads\/2025\/01\/IMG_3150-2048x1365.jpg 2048w\" sizes=\"(max-width: 1024px) 100vw, 1024px\" \/><\/a>\n\t\t\t<\/div><\/figure><figure class='gallery-item'>\n\t\t\t<div class='gallery-icon landscape'>\n\t\t\t\t<a data-elementor-open-lightbox=\"yes\" data-elementor-lightbox-slideshow=\"a21e904\" data-elementor-lightbox-title=\"Hrana\" data-elementor-lightbox-description=\"Ketering poslu\u017eenje tokom sve\u010dane dodele nagrada i priznanja\" data-e-action-hash=\"#elementor-action%3Aaction%3Dlightbox%26settings%3DeyJpZCI6NTUwNSwidXJsIjoiaHR0cHM6XC9cL3NhbWtzenMucnNcL3dwLWNvbnRlbnRcL3VwbG9hZHNcLzIwMjVcLzAxXC9JTUdfMzE1MS1zY2FsZWQuanBnIiwic2xpZGVzaG93IjoiYTIxZTkwNCJ9\" href='https:\/\/samkszs.rs\/wp-content\/uploads\/2025\/01\/IMG_3151-scaled.jpg'><img loading=\"lazy\" decoding=\"async\" width=\"1024\" height=\"683\" src=\"https:\/\/samkszs.rs\/wp-content\/uploads\/2025\/01\/IMG_3151-1024x683.jpg\" class=\"attachment-large size-large\" alt=\"Ketering poslu\u017eenje\" srcset=\"https:\/\/samkszs.rs\/wp-content\/uploads\/2025\/01\/IMG_3151-1024x683.jpg 1024w, https:\/\/samkszs.rs\/wp-content\/uploads\/2025\/01\/IMG_3151-300x200.jpg 300w, https:\/\/samkszs.rs\/wp-content\/uploads\/2025\/01\/IMG_3151-768x512.jpg 768w, https:\/\/samkszs.rs\/wp-content\/uploads\/2025\/01\/IMG_3151-1536x1024.jpg 1536w, https:\/\/samkszs.rs\/wp-content\/uploads\/2025\/01\/IMG_3151-2048x1365.jpg 2048w\" sizes=\"(max-width: 1024px) 100vw, 1024px\" \/><\/a>\n\t\t\t<\/div><\/figure><figure class='gallery-item'>\n\t\t\t<div class='gallery-icon landscape'>\n\t\t\t\t<a data-elementor-open-lightbox=\"yes\" data-elementor-lightbox-slideshow=\"a21e904\" data-elementor-lightbox-title=\"SVE\u010cANO VE\u010cE DODELE NAGRADA\" data-elementor-lightbox-description=\"Ova slika prikazuje veliki broj gostiju koji u\u017eivaju u ceremoniji dodele nagrada 2024. godine. Velika sala je ispunjena elegancijom i uzbu\u0111enjem, stvaraju\u0107i savr\u0161enu atmosferu za ve\u010der posve\u0107enu priznanju izuzetnih postignu\u0107a\" data-e-action-hash=\"#elementor-action%3Aaction%3Dlightbox%26settings%3DeyJpZCI6NTUwNiwidXJsIjoiaHR0cHM6XC9cL3NhbWtzenMucnNcL3dwLWNvbnRlbnRcL3VwbG9hZHNcLzIwMjVcLzAxXC9JTUdfMzIyNi1zY2FsZWQuanBnIiwic2xpZGVzaG93IjoiYTIxZTkwNCJ9\" href='https:\/\/samkszs.rs\/wp-content\/uploads\/2025\/01\/IMG_3226-scaled.jpg'><img loading=\"lazy\" decoding=\"async\" width=\"1024\" height=\"683\" src=\"https:\/\/samkszs.rs\/wp-content\/uploads\/2025\/01\/IMG_3226-1024x683.jpg\" class=\"attachment-large size-large\" alt=\"Sve\u010dano ve\u010de dodele nagrada \u2013 prisutni gosti u velikoj sali tokom ceremonije, u\u017eivaju\u0107i u doga\u0111aju\" srcset=\"https:\/\/samkszs.rs\/wp-content\/uploads\/2025\/01\/IMG_3226-1024x683.jpg 1024w, https:\/\/samkszs.rs\/wp-content\/uploads\/2025\/01\/IMG_3226-300x200.jpg 300w, https:\/\/samkszs.rs\/wp-content\/uploads\/2025\/01\/IMG_3226-768x512.jpg 768w, https:\/\/samkszs.rs\/wp-content\/uploads\/2025\/01\/IMG_3226-1536x1024.jpg 1536w, https:\/\/samkszs.rs\/wp-content\/uploads\/2025\/01\/IMG_3226-2048x1365.jpg 2048w\" sizes=\"(max-width: 1024px) 100vw, 1024px\" \/><\/a>\n\t\t\t<\/div><\/figure><figure class='gallery-item'>\n\t\t\t<div class='gallery-icon landscape'>\n\t\t\t\t<a data-elementor-open-lightbox=\"yes\" data-elementor-lightbox-slideshow=\"a21e904\" data-elementor-lightbox-title=\"SVE\u010cANO VE\u010cE DODELE NAGRADA ketering poslu\u017eenje\" data-elementor-lightbox-description=\"Ova slika prikazuje dvoranu punu gostiju koji su do\u0161li na sve\u010danu dodelu nagrada. Doga\u0111aj je okupio ljude iz svih sfera \u017eivota, u\u017eivaju\u0107i u impresivnoj ceremoniji i atmosferi punoj entuzijazma\" data-e-action-hash=\"#elementor-action%3Aaction%3Dlightbox%26settings%3DeyJpZCI6NTUwNywidXJsIjoiaHR0cHM6XC9cL3NhbWtzenMucnNcL3dwLWNvbnRlbnRcL3VwbG9hZHNcLzIwMjVcLzAxXC9JTUdfMzI1NC1zY2FsZWQuanBnIiwic2xpZGVzaG93IjoiYTIxZTkwNCJ9\" href='https:\/\/samkszs.rs\/wp-content\/uploads\/2025\/01\/IMG_3254-scaled.jpg'><img loading=\"lazy\" decoding=\"async\" width=\"1024\" height=\"683\" src=\"https:\/\/samkszs.rs\/wp-content\/uploads\/2025\/01\/IMG_3254-1024x683.jpg\" class=\"attachment-large size-large\" alt=\"Masovno prisustvo posetilaca tokom sve\u010dane dodele nagrada, sa naglaskom na elegantno obu\u010dene goste\" srcset=\"https:\/\/samkszs.rs\/wp-content\/uploads\/2025\/01\/IMG_3254-1024x683.jpg 1024w, https:\/\/samkszs.rs\/wp-content\/uploads\/2025\/01\/IMG_3254-300x200.jpg 300w, https:\/\/samkszs.rs\/wp-content\/uploads\/2025\/01\/IMG_3254-768x512.jpg 768w, https:\/\/samkszs.rs\/wp-content\/uploads\/2025\/01\/IMG_3254-1536x1024.jpg 1536w, https:\/\/samkszs.rs\/wp-content\/uploads\/2025\/01\/IMG_3254-2048x1365.jpg 2048w\" sizes=\"(max-width: 1024px) 100vw, 1024px\" \/><\/a>\n\t\t\t<\/div><\/figure><figure class='gallery-item'>\n\t\t\t<div class='gallery-icon landscape'>\n\t\t\t\t<a data-elementor-open-lightbox=\"yes\" data-elementor-lightbox-slideshow=\"a21e904\" data-elementor-lightbox-title=\"SVE\u010cANO VE\u010cE DODELE NAGRADA razgovor prisutnih\" data-elementor-lightbox-description=\"Doga\u0111aj dodele nagrada 2024. godine okupio je veliku masu ljudi koja je ujedno obele\u017eila ovu sve\u010danu ve\u010der. Gosti su prisustvovali u znak podr\u0161ke dobitnicima i u\u017eivali u nezaboravnoj atmosferi ceremonije\" data-e-action-hash=\"#elementor-action%3Aaction%3Dlightbox%26settings%3DeyJpZCI6NTUwOCwidXJsIjoiaHR0cHM6XC9cL3NhbWtzenMucnNcL3dwLWNvbnRlbnRcL3VwbG9hZHNcLzIwMjVcLzAxXC9JTUdfMzI2MS1zY2FsZWQuanBnIiwic2xpZGVzaG93IjoiYTIxZTkwNCJ9\" href='https:\/\/samkszs.rs\/wp-content\/uploads\/2025\/01\/IMG_3261-scaled.jpg'><img loading=\"lazy\" decoding=\"async\" width=\"1024\" height=\"683\" src=\"https:\/\/samkszs.rs\/wp-content\/uploads\/2025\/01\/IMG_3261-1024x683.jpg\" class=\"attachment-large size-large\" alt=\"Gosti u\u017eivaju u sve\u010danoj dodeli nagrada, prisutni na ceremoniji koja je okupila veliki broj ljudi\" srcset=\"https:\/\/samkszs.rs\/wp-content\/uploads\/2025\/01\/IMG_3261-1024x683.jpg 1024w, https:\/\/samkszs.rs\/wp-content\/uploads\/2025\/01\/IMG_3261-300x200.jpg 300w, https:\/\/samkszs.rs\/wp-content\/uploads\/2025\/01\/IMG_3261-768x512.jpg 768w, https:\/\/samkszs.rs\/wp-content\/uploads\/2025\/01\/IMG_3261-1536x1024.jpg 1536w, https:\/\/samkszs.rs\/wp-content\/uploads\/2025\/01\/IMG_3261-2048x1365.jpg 2048w\" sizes=\"(max-width: 1024px) 100vw, 1024px\" \/><\/a>\n\t\t\t<\/div><\/figure><figure class='gallery-item'>\n\t\t\t<div class='gallery-icon landscape'>\n\t\t\t\t<a data-elementor-open-lightbox=\"yes\" data-elementor-lightbox-slideshow=\"a21e904\" data-elementor-lightbox-title=\"voza\u010di\" data-elementor-lightbox-description=\"Sve\u010dana atmosfera na dodeli nagrada 2024. godine, sa velikim brojem prisutnih u elegantnim odelima. Gosti se okupljaju kako bi pratili ovaj presti\u017eni doga\u0111aj, koji je nagradio izuzetne pojedince za njihov rad i postignu\u0107a.\" data-e-action-hash=\"#elementor-action%3Aaction%3Dlightbox%26settings%3DeyJpZCI6NTUwOSwidXJsIjoiaHR0cHM6XC9cL3NhbWtzenMucnNcL3dwLWNvbnRlbnRcL3VwbG9hZHNcLzIwMjVcLzAxXC9JTUdfMzI2NC0xLXNjYWxlZC5qcGciLCJzbGlkZXNob3ciOiJhMjFlOTA0In0%3D\" href='https:\/\/samkszs.rs\/wp-content\/uploads\/2025\/01\/IMG_3264-1-scaled.jpg'><img loading=\"lazy\" decoding=\"async\" width=\"1024\" height=\"683\" src=\"https:\/\/samkszs.rs\/wp-content\/uploads\/2025\/01\/IMG_3264-1-1024x683.jpg\" class=\"attachment-large size-large\" alt=\"Veliki broj gostiju prisutan na dodeli nagrada 2024. godine, sa fokusom na sve\u010danu atmosferu i uzbu\u0111enje me\u0111u publikom\" srcset=\"https:\/\/samkszs.rs\/wp-content\/uploads\/2025\/01\/IMG_3264-1-1024x683.jpg 1024w, https:\/\/samkszs.rs\/wp-content\/uploads\/2025\/01\/IMG_3264-1-300x200.jpg 300w, https:\/\/samkszs.rs\/wp-content\/uploads\/2025\/01\/IMG_3264-1-768x512.jpg 768w, https:\/\/samkszs.rs\/wp-content\/uploads\/2025\/01\/IMG_3264-1-1536x1024.jpg 1536w, https:\/\/samkszs.rs\/wp-content\/uploads\/2025\/01\/IMG_3264-1-2048x1365.jpg 2048w\" sizes=\"(max-width: 1024px) 100vw, 1024px\" \/><\/a>\n\t\t\t<\/div><\/figure><figure class='gallery-item'>\n\t\t\t<div class='gallery-icon landscape'>\n\t\t\t\t<a data-elementor-open-lightbox=\"yes\" data-elementor-lightbox-slideshow=\"a21e904\" data-elementor-lightbox-title=\"predsednik saveza Beograda\" data-elementor-lightbox-description=\"govor predsednika Beogradskog saveza tna Sve\u010dano ve\u010de dodele nagrada\" data-e-action-hash=\"#elementor-action%3Aaction%3Dlightbox%26settings%3DeyJpZCI6NTUxMCwidXJsIjoiaHR0cHM6XC9cL3NhbWtzenMucnNcL3dwLWNvbnRlbnRcL3VwbG9hZHNcLzIwMjVcLzAxXC9JTUdfMzI3OS1zY2FsZWQuanBnIiwic2xpZGVzaG93IjoiYTIxZTkwNCJ9\" href='https:\/\/samkszs.rs\/wp-content\/uploads\/2025\/01\/IMG_3279-scaled.jpg'><img loading=\"lazy\" decoding=\"async\" width=\"1024\" height=\"683\" src=\"https:\/\/samkszs.rs\/wp-content\/uploads\/2025\/01\/IMG_3279-1024x683.jpg\" class=\"attachment-large size-large\" alt=\"Predsednik Beogradskog saveza SVE\u010cANO VE\u010cE DODELE NAGRADA\" srcset=\"https:\/\/samkszs.rs\/wp-content\/uploads\/2025\/01\/IMG_3279-1024x683.jpg 1024w, https:\/\/samkszs.rs\/wp-content\/uploads\/2025\/01\/IMG_3279-300x200.jpg 300w, https:\/\/samkszs.rs\/wp-content\/uploads\/2025\/01\/IMG_3279-768x512.jpg 768w, https:\/\/samkszs.rs\/wp-content\/uploads\/2025\/01\/IMG_3279-1536x1024.jpg 1536w, https:\/\/samkszs.rs\/wp-content\/uploads\/2025\/01\/IMG_3279-2048x1365.jpg 2048w\" sizes=\"(max-width: 1024px) 100vw, 1024px\" \/><\/a>\n\t\t\t<\/div><\/figure><figure class='gallery-item'>\n\t\t\t<div class='gallery-icon landscape'>\n\t\t\t\t<a data-elementor-open-lightbox=\"yes\" data-elementor-lightbox-slideshow=\"a21e904\" data-elementor-lightbox-title=\"Prisutni \u010dlanovi lokalnih samopuprava\" data-elementor-lightbox-description=\"Slika prikazuje posetioce u elegantnim odevnim kombinacijama, sme\u0161tene u prostranoj dvorani tokom ceremonije dodele nagrada. Gosti se okupljaju da bi odali priznanje zaslu\u017enim pojedincima u opu\u0161tenoj, ali sve\u010danoj atmosferi.\" data-e-action-hash=\"#elementor-action%3Aaction%3Dlightbox%26settings%3DeyJpZCI6NTUxMSwidXJsIjoiaHR0cHM6XC9cL3NhbWtzenMucnNcL3dwLWNvbnRlbnRcL3VwbG9hZHNcLzIwMjVcLzAxXC9JTUdfMzI5OC1zY2FsZWQuanBnIiwic2xpZGVzaG93IjoiYTIxZTkwNCJ9\" href='https:\/\/samkszs.rs\/wp-content\/uploads\/2025\/01\/IMG_3298-scaled.jpg'><img loading=\"lazy\" decoding=\"async\" width=\"1024\" height=\"683\" src=\"https:\/\/samkszs.rs\/wp-content\/uploads\/2025\/01\/IMG_3298-1024x683.jpg\" class=\"attachment-large size-large\" alt=\"Pogled na salu ispunjenu gostima tokom ceremonije dodele nagrada, sa posebnim fokusom na atmosferski ambijent\" srcset=\"https:\/\/samkszs.rs\/wp-content\/uploads\/2025\/01\/IMG_3298-1024x683.jpg 1024w, https:\/\/samkszs.rs\/wp-content\/uploads\/2025\/01\/IMG_3298-300x200.jpg 300w, https:\/\/samkszs.rs\/wp-content\/uploads\/2025\/01\/IMG_3298-768x512.jpg 768w, https:\/\/samkszs.rs\/wp-content\/uploads\/2025\/01\/IMG_3298-1536x1024.jpg 1536w, https:\/\/samkszs.rs\/wp-content\/uploads\/2025\/01\/IMG_3298-2048x1365.jpg 2048w\" sizes=\"(max-width: 1024px) 100vw, 1024px\" \/><\/a>\n\t\t\t<\/div><\/figure><figure class='gallery-item'>\n\t\t\t<div class='gallery-icon landscape'>\n\t\t\t\t<a data-elementor-open-lightbox=\"yes\" data-elementor-lightbox-slideshow=\"a21e904\" data-elementor-lightbox-title=\"SVE\u010cANO VE\u010cE DODELE NAGRADA prisutni \u010dlanovi saveza\" data-elementor-lightbox-description=\"Panoramski prikaz dvorane tokom sve\u010dane ve\u010deri dodele nagrada. Gosti se okupljaju kako bi prisustvovali ovom va\u017enom doga\u0111aju, dok se sala ispunjava pozitivnom energijom i elegantnim prisustvom\" data-e-action-hash=\"#elementor-action%3Aaction%3Dlightbox%26settings%3DeyJpZCI6NTUxMiwidXJsIjoiaHR0cHM6XC9cL3NhbWtzenMucnNcL3dwLWNvbnRlbnRcL3VwbG9hZHNcLzIwMjVcLzAxXC9JTUdfMzMwOS1zY2FsZWQuanBnIiwic2xpZGVzaG93IjoiYTIxZTkwNCJ9\" href='https:\/\/samkszs.rs\/wp-content\/uploads\/2025\/01\/IMG_3309-scaled.jpg'><img loading=\"lazy\" decoding=\"async\" width=\"1024\" height=\"683\" src=\"https:\/\/samkszs.rs\/wp-content\/uploads\/2025\/01\/IMG_3309-1024x683.jpg\" class=\"attachment-large size-large\" alt=\"Panoramski prikaz dvorane sa mnogobrojnim gostima na sve\u010danoj dodeli priznanja i nagrada u 2024. godini SVE\u010cANO VE\u010cE DODELE NAGRADA\" srcset=\"https:\/\/samkszs.rs\/wp-content\/uploads\/2025\/01\/IMG_3309-1024x683.jpg 1024w, https:\/\/samkszs.rs\/wp-content\/uploads\/2025\/01\/IMG_3309-300x200.jpg 300w, https:\/\/samkszs.rs\/wp-content\/uploads\/2025\/01\/IMG_3309-768x512.jpg 768w, https:\/\/samkszs.rs\/wp-content\/uploads\/2025\/01\/IMG_3309-1536x1024.jpg 1536w, https:\/\/samkszs.rs\/wp-content\/uploads\/2025\/01\/IMG_3309-2048x1365.jpg 2048w\" sizes=\"(max-width: 1024px) 100vw, 1024px\" \/><\/a>\n\t\t\t<\/div><\/figure><figure class='gallery-item'>\n\t\t\t<div class='gallery-icon landscape'>\n\t\t\t\t<a data-elementor-open-lightbox=\"yes\" data-elementor-lightbox-slideshow=\"a21e904\" data-elementor-lightbox-title=\"Anja a\u0107imovi\u0107 na dodeli\" data-elementor-lightbox-description=\"Devojka sa osvojenom nagradom i peharom tokom dodele priznanja u okviru Beogradskog saveza, simbolizuju\u0107i izuzetne sportske rezultate i posve\u0107enost.\" data-e-action-hash=\"#elementor-action%3Aaction%3Dlightbox%26settings%3DeyJpZCI6NTUxMywidXJsIjoiaHR0cHM6XC9cL3NhbWtzenMucnNcL3dwLWNvbnRlbnRcL3VwbG9hZHNcLzIwMjVcLzAxXC9JTUdfMzM0NC1zY2FsZWQuanBnIiwic2xpZGVzaG93IjoiYTIxZTkwNCJ9\" href='https:\/\/samkszs.rs\/wp-content\/uploads\/2025\/01\/IMG_3344-scaled.jpg'><img loading=\"lazy\" decoding=\"async\" width=\"1024\" height=\"683\" src=\"https:\/\/samkszs.rs\/wp-content\/uploads\/2025\/01\/IMG_3344-1024x683.jpg\" class=\"attachment-large size-large\" alt=\"Devojka koji prima nagradu i pehar na dodeli priznanja u okviru Beogradskog saveza\" srcset=\"https:\/\/samkszs.rs\/wp-content\/uploads\/2025\/01\/IMG_3344-1024x683.jpg 1024w, https:\/\/samkszs.rs\/wp-content\/uploads\/2025\/01\/IMG_3344-300x200.jpg 300w, https:\/\/samkszs.rs\/wp-content\/uploads\/2025\/01\/IMG_3344-768x512.jpg 768w, https:\/\/samkszs.rs\/wp-content\/uploads\/2025\/01\/IMG_3344-1536x1024.jpg 1536w, https:\/\/samkszs.rs\/wp-content\/uploads\/2025\/01\/IMG_3344-2048x1365.jpg 2048w\" sizes=\"(max-width: 1024px) 100vw, 1024px\" \/><\/a>\n\t\t\t<\/div><\/figure><figure class='gallery-item'>\n\t\t\t<div class='gallery-icon landscape'>\n\t\t\t\t<a data-elementor-open-lightbox=\"yes\" data-elementor-lightbox-slideshow=\"a21e904\" data-elementor-lightbox-title=\"Juniori\" data-elementor-lightbox-description=\"Sve\u010dana dodela nagrada u Beogradskom savezu, gde su voza\u010di sa ponosom pozirali sa osvojenim peharima, kao priznanje za postignute uspehe tokom takmi\u010denja\" data-e-action-hash=\"#elementor-action%3Aaction%3Dlightbox%26settings%3DeyJpZCI6NTUxNCwidXJsIjoiaHR0cHM6XC9cL3NhbWtzenMucnNcL3dwLWNvbnRlbnRcL3VwbG9hZHNcLzIwMjVcLzAxXC9JTUdfMzM1NS1zY2FsZWQuanBnIiwic2xpZGVzaG93IjoiYTIxZTkwNCJ9\" href='https:\/\/samkszs.rs\/wp-content\/uploads\/2025\/01\/IMG_3355-scaled.jpg'><img loading=\"lazy\" decoding=\"async\" width=\"1024\" height=\"683\" src=\"https:\/\/samkszs.rs\/wp-content\/uploads\/2025\/01\/IMG_3355-1024x683.jpg\" class=\"attachment-large size-large\" alt=\"Voza\u010di i \u010dlanovi Beogradskog saveza sa peharima i nagradama na sve\u010danoj dodeli\" srcset=\"https:\/\/samkszs.rs\/wp-content\/uploads\/2025\/01\/IMG_3355-1024x683.jpg 1024w, https:\/\/samkszs.rs\/wp-content\/uploads\/2025\/01\/IMG_3355-300x200.jpg 300w, https:\/\/samkszs.rs\/wp-content\/uploads\/2025\/01\/IMG_3355-768x512.jpg 768w, https:\/\/samkszs.rs\/wp-content\/uploads\/2025\/01\/IMG_3355-1536x1024.jpg 1536w, https:\/\/samkszs.rs\/wp-content\/uploads\/2025\/01\/IMG_3355-2048x1365.jpg 2048w\" sizes=\"(max-width: 1024px) 100vw, 1024px\" \/><\/a>\n\t\t\t<\/div><\/figure><figure class='gallery-item'>\n\t\t\t<div class='gallery-icon landscape'>\n\t\t\t\t<a data-elementor-open-lightbox=\"yes\" data-elementor-lightbox-slideshow=\"a21e904\" data-elementor-lightbox-title=\"Juniori sa predsednikom saveza\" data-elementor-lightbox-description=\"Dodela nagrada u Beogradskom savezu 2024. godine, gde su voza\u010di ponosno primili svoje nagrade i pehare, priznanje za izvanrednu voza\u010dku ve\u0161tinu i rezultat\" data-e-action-hash=\"#elementor-action%3Aaction%3Dlightbox%26settings%3DeyJpZCI6NTUxNSwidXJsIjoiaHR0cHM6XC9cL3NhbWtzenMucnNcL3dwLWNvbnRlbnRcL3VwbG9hZHNcLzIwMjVcLzAxXC9JTUdfMzM1Ny1zY2FsZWQuanBnIiwic2xpZGVzaG93IjoiYTIxZTkwNCJ9\" href='https:\/\/samkszs.rs\/wp-content\/uploads\/2025\/01\/IMG_3357-scaled.jpg'><img loading=\"lazy\" decoding=\"async\" width=\"1024\" height=\"683\" src=\"https:\/\/samkszs.rs\/wp-content\/uploads\/2025\/01\/IMG_3357-1024x683.jpg\" class=\"attachment-large size-large\" alt=\"Beogradski voza\u010di sa peharima i nagradama tokom ceremonije dodele priznanja\" srcset=\"https:\/\/samkszs.rs\/wp-content\/uploads\/2025\/01\/IMG_3357-1024x683.jpg 1024w, https:\/\/samkszs.rs\/wp-content\/uploads\/2025\/01\/IMG_3357-300x200.jpg 300w, https:\/\/samkszs.rs\/wp-content\/uploads\/2025\/01\/IMG_3357-768x512.jpg 768w, https:\/\/samkszs.rs\/wp-content\/uploads\/2025\/01\/IMG_3357-1536x1024.jpg 1536w, https:\/\/samkszs.rs\/wp-content\/uploads\/2025\/01\/IMG_3357-2048x1365.jpg 2048w\" sizes=\"(max-width: 1024px) 100vw, 1024px\" \/><\/a>\n\t\t\t<\/div><\/figure><figure class='gallery-item'>\n\t\t\t<div class='gallery-icon landscape'>\n\t\t\t\t<a data-elementor-open-lightbox=\"yes\" data-elementor-lightbox-slideshow=\"a21e904\" data-elementor-lightbox-title=\"Klubske nagrade sa predsednikom saveza\" data-elementor-lightbox-description=\"Sve\u010dana dodela nagrada u 2024. godini, gde su predsednici klubova i njihovi predstavnici sa ponosom pozirali sa osvojenim peharima, simbolizuju\u0107i uspeh i timski rad u sportu.\" data-e-action-hash=\"#elementor-action%3Aaction%3Dlightbox%26settings%3DeyJpZCI6NTUxNywidXJsIjoiaHR0cHM6XC9cL3NhbWtzenMucnNcL3dwLWNvbnRlbnRcL3VwbG9hZHNcLzIwMjVcLzAxXC9JTUdfMzM4Mi1zY2FsZWQuanBnIiwic2xpZGVzaG93IjoiYTIxZTkwNCJ9\" href='https:\/\/samkszs.rs\/wp-content\/uploads\/2025\/01\/IMG_3382-scaled.jpg'><img loading=\"lazy\" decoding=\"async\" width=\"1024\" height=\"683\" src=\"https:\/\/samkszs.rs\/wp-content\/uploads\/2025\/01\/IMG_3382-1024x683.jpg\" class=\"attachment-large size-large\" alt=\"Predsednici klubova i predstavnici na dodeli nagrada 2024. godine, poziraju sa osvojenim peharima SVE\u010cANO VE\u010cE DODELE NAGRADA\" srcset=\"https:\/\/samkszs.rs\/wp-content\/uploads\/2025\/01\/IMG_3382-1024x683.jpg 1024w, https:\/\/samkszs.rs\/wp-content\/uploads\/2025\/01\/IMG_3382-300x200.jpg 300w, https:\/\/samkszs.rs\/wp-content\/uploads\/2025\/01\/IMG_3382-768x512.jpg 768w, https:\/\/samkszs.rs\/wp-content\/uploads\/2025\/01\/IMG_3382-1536x1024.jpg 1536w, https:\/\/samkszs.rs\/wp-content\/uploads\/2025\/01\/IMG_3382-2048x1365.jpg 2048w\" sizes=\"(max-width: 1024px) 100vw, 1024px\" \/><\/a>\n\t\t\t<\/div><\/figure><figure class='gallery-item'>\n\t\t\t<div class='gallery-icon landscape'>\n\t\t\t\t<a data-elementor-open-lightbox=\"yes\" data-elementor-lightbox-slideshow=\"a21e904\" data-elementor-lightbox-title=\"Klubske nagrade sa predsednikom saveza\" data-elementor-lightbox-description=\"Na dodeli nagrada 2024, predsednici sportskih klubova sa osvojenim peharima i priznanjima, u okviru sve\u010danog trenutka proslave sportskih dostignu\u0107a.\" data-e-action-hash=\"#elementor-action%3Aaction%3Dlightbox%26settings%3DeyJpZCI6NTUxOCwidXJsIjoiaHR0cHM6XC9cL3NhbWtzenMucnNcL3dwLWNvbnRlbnRcL3VwbG9hZHNcLzIwMjVcLzAxXC9JTUdfMzM4NC1zY2FsZWQuanBnIiwic2xpZGVzaG93IjoiYTIxZTkwNCJ9\" href='https:\/\/samkszs.rs\/wp-content\/uploads\/2025\/01\/IMG_3384-scaled.jpg'><img loading=\"lazy\" decoding=\"async\" width=\"1024\" height=\"683\" src=\"https:\/\/samkszs.rs\/wp-content\/uploads\/2025\/01\/IMG_3384-1024x683.jpg\" class=\"attachment-large size-large\" alt=\"Predsednici klubova sa nagradama na dodeli priznanja 2024. godine, usmereni ka fotoaparatu\" srcset=\"https:\/\/samkszs.rs\/wp-content\/uploads\/2025\/01\/IMG_3384-1024x683.jpg 1024w, https:\/\/samkszs.rs\/wp-content\/uploads\/2025\/01\/IMG_3384-300x200.jpg 300w, https:\/\/samkszs.rs\/wp-content\/uploads\/2025\/01\/IMG_3384-768x512.jpg 768w, https:\/\/samkszs.rs\/wp-content\/uploads\/2025\/01\/IMG_3384-1536x1024.jpg 1536w, https:\/\/samkszs.rs\/wp-content\/uploads\/2025\/01\/IMG_3384-2048x1365.jpg 2048w\" sizes=\"(max-width: 1024px) 100vw, 1024px\" \/><\/a>\n\t\t\t<\/div><\/figure><figure class='gallery-item'>\n\t\t\t<div class='gallery-icon landscape'>\n\t\t\t\t<a data-elementor-open-lightbox=\"yes\" data-elementor-lightbox-slideshow=\"a21e904\" data-elementor-lightbox-title=\"Tea Jevti\u0107 junior\" data-elementor-lightbox-description=\"devojka voza\u010d Saveza zapadne Srbije ponosno poziraju sa osvojenim nagradama tokom sve\u010dane dodele priznanja, simbolizuju\u0107i njihove sportske uspehe i posve\u0107enost.\" data-e-action-hash=\"#elementor-action%3Aaction%3Dlightbox%26settings%3DeyJpZCI6NTUxOSwidXJsIjoiaHR0cHM6XC9cL3NhbWtzenMucnNcL3dwLWNvbnRlbnRcL3VwbG9hZHNcLzIwMjVcLzAxXC9JTUdfMzQwNS1zY2FsZWQuanBnIiwic2xpZGVzaG93IjoiYTIxZTkwNCJ9\" href='https:\/\/samkszs.rs\/wp-content\/uploads\/2025\/01\/IMG_3405-scaled.jpg'><img loading=\"lazy\" decoding=\"async\" width=\"1024\" height=\"683\" src=\"https:\/\/samkszs.rs\/wp-content\/uploads\/2025\/01\/IMG_3405-1024x683.jpg\" class=\"attachment-large size-large\" alt=\"devojka voza\u010d Saveza zapadne Srbije sa osvojenim nagradama na ceremoniji dodele priznanja.\" srcset=\"https:\/\/samkszs.rs\/wp-content\/uploads\/2025\/01\/IMG_3405-1024x683.jpg 1024w, https:\/\/samkszs.rs\/wp-content\/uploads\/2025\/01\/IMG_3405-300x200.jpg 300w, https:\/\/samkszs.rs\/wp-content\/uploads\/2025\/01\/IMG_3405-768x512.jpg 768w, https:\/\/samkszs.rs\/wp-content\/uploads\/2025\/01\/IMG_3405-1536x1024.jpg 1536w, https:\/\/samkszs.rs\/wp-content\/uploads\/2025\/01\/IMG_3405-2048x1365.jpg 2048w\" sizes=\"(max-width: 1024px) 100vw, 1024px\" \/><\/a>\n\t\t\t<\/div><\/figure><figure class='gallery-item'>\n\t\t\t<div class='gallery-icon landscape'>\n\t\t\t\t<a data-elementor-open-lightbox=\"yes\" data-elementor-lightbox-slideshow=\"a21e904\" data-elementor-lightbox-title=\"Filip karting voza\u010d\" data-elementor-lightbox-description=\"Voza\u010di Saveza zapadne Srbije na dodeli nagrada, sa peharima koje su osvojili tokom takmi\u010denja, isti\u010du\u0107i izuzetne sportske performanse i doprinos motoristi\u010dkom sportu u regiji\" data-e-action-hash=\"#elementor-action%3Aaction%3Dlightbox%26settings%3DeyJpZCI6NTUyMCwidXJsIjoiaHR0cHM6XC9cL3NhbWtzenMucnNcL3dwLWNvbnRlbnRcL3VwbG9hZHNcLzIwMjVcLzAxXC9JTUdfMzQwOS1zY2FsZWQuanBnIiwic2xpZGVzaG93IjoiYTIxZTkwNCJ9\" href='https:\/\/samkszs.rs\/wp-content\/uploads\/2025\/01\/IMG_3409-scaled.jpg'><img loading=\"lazy\" decoding=\"async\" width=\"1024\" height=\"683\" src=\"https:\/\/samkszs.rs\/wp-content\/uploads\/2025\/01\/IMG_3409-1024x683.jpg\" class=\"attachment-large size-large\" alt=\"Voza\u010di Saveza zapadne Srbije sa peharima na ceremoniji dodele nagrada SVE\u010cANO VE\u010cE DODELE NAGRADA\" srcset=\"https:\/\/samkszs.rs\/wp-content\/uploads\/2025\/01\/IMG_3409-1024x683.jpg 1024w, https:\/\/samkszs.rs\/wp-content\/uploads\/2025\/01\/IMG_3409-300x200.jpg 300w, https:\/\/samkszs.rs\/wp-content\/uploads\/2025\/01\/IMG_3409-768x512.jpg 768w, https:\/\/samkszs.rs\/wp-content\/uploads\/2025\/01\/IMG_3409-1536x1024.jpg 1536w, https:\/\/samkszs.rs\/wp-content\/uploads\/2025\/01\/IMG_3409-2048x1365.jpg 2048w\" sizes=\"(max-width: 1024px) 100vw, 1024px\" \/><\/a>\n\t\t\t<\/div><\/figure><figure class='gallery-item'>\n\t\t\t<div class='gallery-icon landscape'>\n\t\t\t\t<a data-elementor-open-lightbox=\"yes\" data-elementor-lightbox-slideshow=\"a21e904\" data-elementor-lightbox-title=\"klubske nagrade zapadne srbije\" data-elementor-lightbox-description=\"Sve\u010dana atmosfera tokom dodele nagrada u 2024. godini, gde su predstavnici klubova pozirali sa svojim nagradama, isti\u010du\u0107i uspehe ostvarene tokom prethodnog perioda\" data-e-action-hash=\"#elementor-action%3Aaction%3Dlightbox%26settings%3DeyJpZCI6NTUyMSwidXJsIjoiaHR0cHM6XC9cL3NhbWtzenMucnNcL3dwLWNvbnRlbnRcL3VwbG9hZHNcLzIwMjVcLzAxXC9JTUdfMzQyNS1zY2FsZWQuanBnIiwic2xpZGVzaG93IjoiYTIxZTkwNCJ9\" href='https:\/\/samkszs.rs\/wp-content\/uploads\/2025\/01\/IMG_3425-scaled.jpg'><img loading=\"lazy\" decoding=\"async\" width=\"1024\" height=\"683\" src=\"https:\/\/samkszs.rs\/wp-content\/uploads\/2025\/01\/IMG_3425-1024x683.jpg\" class=\"attachment-large size-large\" alt=\"Predstavnici klubova na sve\u010danoj dodeli, sa nagradama i peharima, poziraju zajedno SVE\u010cANO VE\u010cE DODELE NAGRADA\" srcset=\"https:\/\/samkszs.rs\/wp-content\/uploads\/2025\/01\/IMG_3425-1024x683.jpg 1024w, https:\/\/samkszs.rs\/wp-content\/uploads\/2025\/01\/IMG_3425-300x200.jpg 300w, https:\/\/samkszs.rs\/wp-content\/uploads\/2025\/01\/IMG_3425-768x512.jpg 768w, https:\/\/samkszs.rs\/wp-content\/uploads\/2025\/01\/IMG_3425-1536x1024.jpg 1536w, https:\/\/samkszs.rs\/wp-content\/uploads\/2025\/01\/IMG_3425-2048x1365.jpg 2048w\" sizes=\"(max-width: 1024px) 100vw, 1024px\" \/><\/a>\n\t\t\t<\/div><\/figure><figure class='gallery-item'>\n\t\t\t<div class='gallery-icon landscape'>\n\t\t\t\t<a data-elementor-open-lightbox=\"yes\" data-elementor-lightbox-slideshow=\"a21e904\" data-elementor-lightbox-title=\"zahvnica Slobodan \u0160iljkovi\u0107\" data-elementor-lightbox-description=\"Sekretar Saveza sve\u010dano dodeljuje zahvalnicu predstavnicima institucije, izra\u017eavaju\u0107i zahvalnost za doprinos i podr\u0161ku tokom godine\" data-e-action-hash=\"#elementor-action%3Aaction%3Dlightbox%26settings%3DeyJpZCI6NTUyMiwidXJsIjoiaHR0cHM6XC9cL3NhbWtzenMucnNcL3dwLWNvbnRlbnRcL3VwbG9hZHNcLzIwMjVcLzAxXC9JTUdfMzQyOC1zY2FsZWQuanBnIiwic2xpZGVzaG93IjoiYTIxZTkwNCJ9\" href='https:\/\/samkszs.rs\/wp-content\/uploads\/2025\/01\/IMG_3428-scaled.jpg'><img loading=\"lazy\" decoding=\"async\" width=\"1024\" height=\"683\" src=\"https:\/\/samkszs.rs\/wp-content\/uploads\/2025\/01\/IMG_3428-1024x683.jpg\" class=\"attachment-large size-large\" alt=\"Sekretar dodeljuje zahvalnicu predstavnicima institucije tokom ceremonije\" srcset=\"https:\/\/samkszs.rs\/wp-content\/uploads\/2025\/01\/IMG_3428-1024x683.jpg 1024w, https:\/\/samkszs.rs\/wp-content\/uploads\/2025\/01\/IMG_3428-300x200.jpg 300w, https:\/\/samkszs.rs\/wp-content\/uploads\/2025\/01\/IMG_3428-768x512.jpg 768w, https:\/\/samkszs.rs\/wp-content\/uploads\/2025\/01\/IMG_3428-1536x1024.jpg 1536w, https:\/\/samkszs.rs\/wp-content\/uploads\/2025\/01\/IMG_3428-2048x1365.jpg 2048w\" sizes=\"(max-width: 1024px) 100vw, 1024px\" \/><\/a>\n\t\t\t<\/div><\/figure><figure class='gallery-item'>\n\t\t\t<div class='gallery-icon landscape'>\n\t\t\t\t<a data-elementor-open-lightbox=\"yes\" data-elementor-lightbox-slideshow=\"a21e904\" data-elementor-lightbox-title=\"Zahvalnica za op\u0161tinu \u010cajetinu\" data-elementor-lightbox-description=\"Sekretar Saveza zajedno sa predstavnikom institucije nakon dodele zahvalnice, simbolizuju\u0107i partnerstvo i saradnju u razvoju sport\" data-e-action-hash=\"#elementor-action%3Aaction%3Dlightbox%26settings%3DeyJpZCI6NTUyMywidXJsIjoiaHR0cHM6XC9cL3NhbWtzenMucnNcL3dwLWNvbnRlbnRcL3VwbG9hZHNcLzIwMjVcLzAxXC9JTUdfMzQzMy1zY2FsZWQuanBnIiwic2xpZGVzaG93IjoiYTIxZTkwNCJ9\" href='https:\/\/samkszs.rs\/wp-content\/uploads\/2025\/01\/IMG_3433-scaled.jpg'><img loading=\"lazy\" decoding=\"async\" width=\"1024\" height=\"683\" src=\"https:\/\/samkszs.rs\/wp-content\/uploads\/2025\/01\/IMG_3433-1024x683.jpg\" class=\"attachment-large size-large\" alt=\"Sekretar i predstavnik institucije sa dodeljenom zahvalnicom. SVE\u010cANO VE\u010cE DODELE NAGRADA\" srcset=\"https:\/\/samkszs.rs\/wp-content\/uploads\/2025\/01\/IMG_3433-1024x683.jpg 1024w, https:\/\/samkszs.rs\/wp-content\/uploads\/2025\/01\/IMG_3433-300x200.jpg 300w, https:\/\/samkszs.rs\/wp-content\/uploads\/2025\/01\/IMG_3433-768x512.jpg 768w, https:\/\/samkszs.rs\/wp-content\/uploads\/2025\/01\/IMG_3433-1536x1024.jpg 1536w, https:\/\/samkszs.rs\/wp-content\/uploads\/2025\/01\/IMG_3433-2048x1365.jpg 2048w\" sizes=\"(max-width: 1024px) 100vw, 1024px\" \/><\/a>\n\t\t\t<\/div><\/figure><figure class='gallery-item'>\n\t\t\t<div class='gallery-icon landscape'>\n\t\t\t\t<a data-elementor-open-lightbox=\"yes\" data-elementor-lightbox-slideshow=\"a21e904\" data-elementor-lightbox-title=\"zahvalnica za grad U\u017eice\" data-elementor-lightbox-description=\"Predstavnici razli\u010ditih institucija poziraju sa dodeljenim zahvalnicama, koje potvr\u0111uju njihov doprinos i saradnju sa Savezom tokom protekle godine\" data-e-action-hash=\"#elementor-action%3Aaction%3Dlightbox%26settings%3DeyJpZCI6NTUwMywidXJsIjoiaHR0cHM6XC9cL3NhbWtzenMucnNcL3dwLWNvbnRlbnRcL3VwbG9hZHNcLzIwMjVcLzAxXC9JTUdfMzQ0NC1zY2FsZWQuanBnIiwic2xpZGVzaG93IjoiYTIxZTkwNCJ9\" href='https:\/\/samkszs.rs\/wp-content\/uploads\/2025\/01\/IMG_3444-scaled.jpg'><img loading=\"lazy\" decoding=\"async\" width=\"1024\" height=\"683\" src=\"https:\/\/samkszs.rs\/wp-content\/uploads\/2025\/01\/IMG_3444-1024x683.jpg\" class=\"attachment-large size-large\" alt=\"Predstavnici institucija sa dodeljenim zahvalnicama na sve\u010danosti.\" srcset=\"https:\/\/samkszs.rs\/wp-content\/uploads\/2025\/01\/IMG_3444-1024x683.jpg 1024w, https:\/\/samkszs.rs\/wp-content\/uploads\/2025\/01\/IMG_3444-300x200.jpg 300w, https:\/\/samkszs.rs\/wp-content\/uploads\/2025\/01\/IMG_3444-768x512.jpg 768w, https:\/\/samkszs.rs\/wp-content\/uploads\/2025\/01\/IMG_3444-1536x1024.jpg 1536w, https:\/\/samkszs.rs\/wp-content\/uploads\/2025\/01\/IMG_3444-2048x1365.jpg 2048w\" sizes=\"(max-width: 1024px) 100vw, 1024px\" \/><\/a>\n\t\t\t<\/div><\/figure>\n\t\t<\/div>\n\t\t<\/div>\n\t\t\t\t\t\t<\/div>\n\t\t\t\t<\/div>\n\t\t\t\t\t<\/div>\n\t\t<\/div>\n\t\t\t\t\t<\/div>\n\t\t<\/section>\n\t\t\t\t<\/div>\n\t\t","protected":false},"excerpt":{"rendered":"<p>U zajedni\u010dkoj organizaciji Sportskog Auto Moto Karting Saveza Srbije (SAMKSZS) i Sportskog Auto Moto Saveza Beograda (SAMSB), odr\u017eano je sve\u010dano ve\u010de dodele nagrada i priznanja za sezonu 2024. godine. <\/p>\n","protected":false},"author":1,"featured_media":5492,"comment_status":"closed","ping_status":"open","sticky":false,"template":"","format":"standard","meta":{"site-sidebar-layout":"default","site-content-layout":"","ast-site-content-layout":"default","site-content-style":"default","site-sidebar-style":"default","ast-global-header-display":"","ast-banner-title-visibility":"","ast-main-header-display":"","ast-hfb-above-header-display":"","ast-hfb-below-header-display":"","ast-hfb-mobile-header-display":"","site-post-title":"","ast-breadcrumbs-content":"","ast-featured-img":"","footer-sml-layout":"","ast-disable-related-posts":"","theme-transparent-header-meta":"","adv-header-id-meta":"","stick-header-meta":"","header-above-stick-meta":"","header-main-stick-meta":"","header-below-stick-meta":"","astra-migrate-meta-layouts":"set","ast-page-background-enabled":"default","ast-page-background-meta":{"desktop":{"background-color":"var(--ast-global-color-4)","background-image":"","background-repeat":"repeat","background-position":"center center","background-size":"auto","background-attachment":"scroll","background-type":"","background-media":"","overlay-type":"","overlay-color":"","overlay-opacity":"","overlay-gradient":""},"tablet":{"background-color":"","background-image":"","background-repeat":"repeat","background-position":"center center","background-size":"auto","background-attachment":"scroll","background-type":"","background-media":"","overlay-type":"","overlay-color":"","overlay-opacity":"","overlay-gradient":""},"mobile":{"background-color":"","background-image":"","background-repeat":"repeat","background-position":"center center","background-size":"auto","background-attachment":"scroll","background-type":"","background-media":"","overlay-type":"","overlay-color":"","overlay-opacity":"","overlay-gradient":""}},"ast-content-background-meta":{"desktop":{"background-color":"var(--ast-global-color-5)","background-image":"","background-repeat":"repeat","background-position":"center center","background-size":"auto","background-attachment":"scroll","background-type":"","background-media":"","overlay-type":"","overlay-color":"","overlay-opacity":"","overlay-gradient":""},"tablet":{"background-color":"var(--ast-global-color-5)","background-image":"","background-repeat":"repeat","background-position":"center center","background-size":"auto","background-attachment":"scroll","background-type":"","background-media":"","overlay-type":"","overlay-color":"","overlay-opacity":"","overlay-gradient":""},"mobile":{"background-color":"var(--ast-global-color-5)","background-image":"","background-repeat":"repeat","background-position":"center center","background-size":"auto","background-attachment":"scroll","background-type":"","background-media":"","overlay-type":"","overlay-color":"","overlay-opacity":"","overlay-gradient":""}},"footnotes":""},"categories":[1],"tags":[],"class_list":["post-5490","post","type-post","status-publish","format-standard","has-post-thumbnail","hentry","category-uncategorized"],"_links":{"self":[{"href":"https:\/\/samkszs.rs\/index.php\/wp-json\/wp\/v2\/posts\/5490","targetHints":{"allow":["GET"]}}],"collection":[{"href":"https:\/\/samkszs.rs\/index.php\/wp-json\/wp\/v2\/posts"}],"about":[{"href":"https:\/\/samkszs.rs\/index.php\/wp-json\/wp\/v2\/types\/post"}],"author":[{"embeddable":true,"href":"https:\/\/samkszs.rs\/index.php\/wp-json\/wp\/v2\/users\/1"}],"replies":[{"embeddable":true,"href":"https:\/\/samkszs.rs\/index.php\/wp-json\/wp\/v2\/comments?post=5490"}],"version-history":[{"count":56,"href":"https:\/\/samkszs.rs\/index.php\/wp-json\/wp\/v2\/posts\/5490\/revisions"}],"predecessor-version":[{"id":5887,"href":"https:\/\/samkszs.rs\/index.php\/wp-json\/wp\/v2\/posts\/5490\/revisions\/5887"}],"wp:featuredmedia":[{"embeddable":true,"href":"https:\/\/samkszs.rs\/index.php\/wp-json\/wp\/v2\/media\/5492"}],"wp:attachment":[{"href":"https:\/\/samkszs.rs\/index.php\/wp-json\/wp\/v2\/media?parent=5490"}],"wp:term":[{"taxonomy":"category","embeddable":true,"href":"https:\/\/samkszs.rs\/index.php\/wp-json\/wp\/v2\/categories?post=5490"},{"taxonomy":"post_tag","embeddable":true,"href":"https:\/\/samkszs.rs\/index.php\/wp-json\/wp\/v2\/tags?post=5490"}],"curies":[{"name":"wp","href":"https:\/\/api.w.org\/{rel}","templated":true}]}}